{"id":2628,"date":"2015-03-17T10:32:21","date_gmt":"2015-03-17T10:32:21","guid":{"rendered":"https:\/\/www.molloparc.com\/naixement-de-cabrit-la-granja-del-mollo-parc-2\/"},"modified":"2015-03-17T11:03:07","modified_gmt":"2015-03-17T11:03:07","slug":"naixement-de-cabrit-la-granja-del-mollo-parc","status":"publish","type":"post","link":"https:\/\/www.molloparc.com\/es\/naixement-de-cabrit-la-granja-del-mollo-parc\/","title":{"rendered":"Nacimiento de cabritos en la granja del Moll\u00f3 Parc"},"content":{"rendered":"<p>El mi\u00e9rcoles, d\u00eda 11, \u00a0en la <a title=\"Granja Moll\u00f3 Parc\" href=\"https:\/\/www.molloparc.com\/es\/la-granja\/\" target=\"_blank\">granja de Moll\u00f3 Parc v<\/a>an nacieron tres cabritos. Mirad que contentos que estaban al d\u00eda siguiente de haber nacido!<\/p>\n<p><a href=\"https:\/\/www.molloparc.com\/wp-content\/uploads\/2015\/03\/naixement-cabrits1.jpg\"><img decoding=\"async\" loading=\"lazy\" class=\"alignnone size-medium wp-image-2623\" alt=\"Cabrits moll\u00f3 parc\" src=\"https:\/\/www.molloparc.com\/wp-content\/uploads\/2015\/03\/naixement-cabrits1-300x199.jpg\" width=\"300\" height=\"199\" srcset=\"https:\/\/www.molloparc.com\/wp-content\/uploads\/2015\/03\/naixement-cabrits1-300x199.jpg 300w, https:\/\/www.molloparc.com\/wp-content\/uploads\/2015\/03\/naixement-cabrits1-1024x682.jpg 1024w, https:\/\/www.molloparc.com\/wp-content\/uploads\/2015\/03\/naixement-cabrits1-405x270.jpg 405w, https:\/\/www.molloparc.com\/wp-content\/uploads\/2015\/03\/naixement-cabrits1-262x174.jpg 262w, https:\/\/www.molloparc.com\/wp-content\/uploads\/2015\/03\/naixement-cabrits1.jpg 2048w\" sizes=\"(max-width: 300px) 100vw, 300px\" \/><\/a>\u00a0\u00a0\u00a0<a href=\"https:\/\/www.molloparc.com\/wp-content\/uploads\/2015\/03\/naixement-cabrits3.jpg\"><img decoding=\"async\" loading=\"lazy\" class=\"alignnone size-medium wp-image-2625\" alt=\"naixement cabrits3\" src=\"https:\/\/www.molloparc.com\/wp-content\/uploads\/2015\/03\/naixement-cabrits3-300x199.jpg\" width=\"300\" height=\"199\" srcset=\"https:\/\/www.molloparc.com\/wp-content\/uploads\/2015\/03\/naixement-cabrits3-300x199.jpg 300w, https:\/\/www.molloparc.com\/wp-content\/uploads\/2015\/03\/naixement-cabrits3-1024x682.jpg 1024w, https:\/\/www.molloparc.com\/wp-content\/uploads\/2015\/03\/naixement-cabrits3-405x270.jpg 405w, https:\/\/www.molloparc.com\/wp-content\/uploads\/2015\/03\/naixement-cabrits3-262x174.jpg 262w, https:\/\/www.molloparc.com\/wp-content\/uploads\/2015\/03\/naixement-cabrits3.jpg 2048w\" sizes=\"(max-width: 300px) 100vw, 300px\" \/><\/a><\/p>\n<p>Recordad que en la <a title=\"Granja Moll\u00f3 parc\" href=\"https:\/\/www.molloparc.com\/es\/la-granja\/\" target=\"_blank\">granja del Moll\u00f3 Parc <\/a>\u00a0podr\u00e9is ver y tocar gallinas, pollitos, cabras, aznos, cavallos e incluso \u00f1es podr\u00e9is dar de comer. \u00bfQuer\u00e9is ver todos<a href=\"https:\/\/www.molloparc.com\/es\/la-granja\/\" target=\"_blank\">\u00a0los animales que hay en la granja? seguid este \u00a0enlace!<\/a><\/p>\n<p>Per\u00f2, cuando todos est\u00e1vamos m\u00e1s que contentos con la llegada de estos tres nuevos habitantes&#8230;, El s\u00e1bado llegaron dos m\u00e1s! os dejamos una foto de los cabritos con tan solo 10 minutos de vida!.<\/p>\n<p><a style=\"line-height: 1.5em;\" href=\"https:\/\/www.molloparc.com\/wp-content\/uploads\/2015\/03\/cabrit2.jpg\"><img decoding=\"async\" loading=\"lazy\" alt=\"cabrit2\" src=\"https:\/\/www.molloparc.com\/wp-content\/uploads\/2015\/03\/cabrit2-300x224.jpg\" width=\"300\" height=\"224\" \/><\/a><span style=\"line-height: 1.5em;\">\u00a0<\/span><\/p>\n<p>&nbsp;<\/p>\n","protected":false},"excerpt":{"rendered":"<p>El mi\u00e9rcoles, d\u00eda 11, \u00a0en la granja de Moll\u00f3 Parc van nacieron tres cabritos. Mirad que contentos que estaban al d\u00eda siguiente de haber nacido! \u00a0\u00a0\u00a0 Recordad que en la granja del Moll\u00f3 Parc \u00a0podr\u00e9is ver y tocar gallinas, pollitos, cabras, aznos, cavallos e incluso \u00f1es podr\u00e9is dar de comer. \u00bfQuer\u00e9is ver todos\u00a0los animales que [&hellip;]<\/p>\n","protected":false},"author":2,"featured_media":2624,"comment_status":"closed","ping_status":"closed","sticky":false,"template":"","format":"standard","meta":{"ngg_post_thumbnail":0},"categories":[4],"tags":[],"yoast_head":"<!-- This site is optimized with the Yoast SEO plugin v19.13 - https:\/\/yoast.com\/wordpress\/plugins\/seo\/ -->\n<title>Nacimiento de cabritos en la granja del Moll\u00f3 Parc - Moll\u00f3 Parc<\/title>\n<meta name=\"robots\" content=\"index, follow, max-snippet:-1, max-image-preview:large, max-video-preview:-1\" \/>\n<link rel=\"canonical\" href=\"https:\/\/www.molloparc.com\/es\/naixement-de-cabrit-la-granja-del-mollo-parc\/\" \/>\n<meta property=\"og:locale\" content=\"es_ES\" \/>\n<meta property=\"og:type\" content=\"article\" \/>\n<meta property=\"og:title\" content=\"Nacimiento de cabritos en la granja del Moll\u00f3 Parc - Moll\u00f3 Parc\" \/>\n<meta property=\"og:description\" content=\"El mi\u00e9rcoles, d\u00eda 11, \u00a0en la granja de Moll\u00f3 Parc van nacieron tres cabritos. Mirad que contentos que estaban al d\u00eda siguiente de haber nacido! \u00a0\u00a0\u00a0 Recordad que en la granja del Moll\u00f3 Parc \u00a0podr\u00e9is ver y tocar gallinas, pollitos, cabras, aznos, cavallos e incluso \u00f1es podr\u00e9is dar de comer. \u00bfQuer\u00e9is ver todos\u00a0los animales que [&hellip;]\" \/>\n<meta property=\"og:url\" content=\"https:\/\/www.molloparc.com\/es\/naixement-de-cabrit-la-granja-del-mollo-parc\/\" \/>\n<meta property=\"og:site_name\" content=\"Moll\u00f3 Parc\" \/>\n<meta property=\"article:published_time\" content=\"2015-03-17T10:32:21+00:00\" \/>\n<meta property=\"article:modified_time\" content=\"2015-03-17T11:03:07+00:00\" \/>\n<meta property=\"og:image\" content=\"https:\/\/www.molloparc.com\/wp-content\/uploads\/2015\/03\/naixement-cabrits2.jpg\" \/>\n\t<meta property=\"og:image:width\" content=\"2048\" \/>\n\t<meta property=\"og:image:height\" content=\"1365\" \/>\n\t<meta property=\"og:image:type\" content=\"image\/jpeg\" \/>\n<meta name=\"author\" content=\"Moll\u00f3\" \/>\n<meta name=\"twitter:card\" content=\"summary_large_image\" \/>\n<meta name=\"twitter:label1\" content=\"Escrito por\" \/>\n\t<meta name=\"twitter:data1\" content=\"Moll\u00f3\" \/>\n\t<meta name=\"twitter:label2\" content=\"Tiempo de lectura\" \/>\n\t<meta name=\"twitter:data2\" content=\"1 minuto\" \/>\n<script type=\"application\/ld+json\" class=\"yoast-schema-graph\">{\"@context\":\"https:\/\/schema.org\",\"@graph\":[{\"@type\":\"WebPage\",\"@id\":\"https:\/\/www.molloparc.com\/es\/naixement-de-cabrit-la-granja-del-mollo-parc\/\",\"url\":\"https:\/\/www.molloparc.com\/es\/naixement-de-cabrit-la-granja-del-mollo-parc\/\",\"name\":\"Nacimiento de cabritos en la granja del Moll\u00f3 Parc - Moll\u00f3 Parc\",\"isPartOf\":{\"@id\":\"https:\/\/www.molloparc.com\/#website\"},\"datePublished\":\"2015-03-17T10:32:21+00:00\",\"dateModified\":\"2015-03-17T11:03:07+00:00\",\"author\":{\"@id\":\"https:\/\/www.molloparc.com\/#\/schema\/person\/e9e14d100095d7e1a3af5a6c392e7f88\"},\"breadcrumb\":{\"@id\":\"https:\/\/www.molloparc.com\/es\/naixement-de-cabrit-la-granja-del-mollo-parc\/#breadcrumb\"},\"inLanguage\":\"es\",\"potentialAction\":[{\"@type\":\"ReadAction\",\"target\":[\"https:\/\/www.molloparc.com\/es\/naixement-de-cabrit-la-granja-del-mollo-parc\/\"]}]},{\"@type\":\"BreadcrumbList\",\"@id\":\"https:\/\/www.molloparc.com\/es\/naixement-de-cabrit-la-granja-del-mollo-parc\/#breadcrumb\",\"itemListElement\":[{\"@type\":\"ListItem\",\"position\":1,\"name\":\"Inici\",\"item\":\"https:\/\/www.molloparc.com\/es\/\"},{\"@type\":\"ListItem\",\"position\":2,\"name\":\"Nacimiento de cabritos en la granja del Moll\u00f3 Parc\"}]},{\"@type\":\"WebSite\",\"@id\":\"https:\/\/www.molloparc.com\/#website\",\"url\":\"https:\/\/www.molloparc.com\/\",\"name\":\"Moll\u00f3 Parc\",\"description\":\"Parc d&#039;animals dels Prineus a la Vall de Camprodon\",\"potentialAction\":[{\"@type\":\"SearchAction\",\"target\":{\"@type\":\"EntryPoint\",\"urlTemplate\":\"https:\/\/www.molloparc.com\/?s={search_term_string}\"},\"query-input\":\"required name=search_term_string\"}],\"inLanguage\":\"es\"},{\"@type\":\"Person\",\"@id\":\"https:\/\/www.molloparc.com\/#\/schema\/person\/e9e14d100095d7e1a3af5a6c392e7f88\",\"name\":\"Moll\u00f3\",\"image\":{\"@type\":\"ImageObject\",\"inLanguage\":\"es\",\"@id\":\"https:\/\/www.molloparc.com\/#\/schema\/person\/image\/\",\"url\":\"https:\/\/secure.gravatar.com\/avatar\/4542d219a6b4cecf6381798ae95c44f5?s=96&d=mm&r=g\",\"contentUrl\":\"https:\/\/secure.gravatar.com\/avatar\/4542d219a6b4cecf6381798ae95c44f5?s=96&d=mm&r=g\",\"caption\":\"Moll\u00f3\"},\"url\":\"https:\/\/www.molloparc.com\/es\/author\/judit\/\"}]}<\/script>\n<!-- \/ Yoast SEO plugin. -->","yoast_head_json":{"title":"Nacimiento de cabritos en la granja del Moll\u00f3 Parc - Moll\u00f3 Parc","robots":{"index":"index","follow":"follow","max-snippet":"max-snippet:-1","max-image-preview":"max-image-preview:large","max-video-preview":"max-video-preview:-1"},"canonical":"https:\/\/www.molloparc.com\/es\/naixement-de-cabrit-la-granja-del-mollo-parc\/","og_locale":"es_ES","og_type":"article","og_title":"Nacimiento de cabritos en la granja del Moll\u00f3 Parc - Moll\u00f3 Parc","og_description":"El mi\u00e9rcoles, d\u00eda 11, \u00a0en la granja de Moll\u00f3 Parc van nacieron tres cabritos. Mirad que contentos que estaban al d\u00eda siguiente de haber nacido! \u00a0\u00a0\u00a0 Recordad que en la granja del Moll\u00f3 Parc \u00a0podr\u00e9is ver y tocar gallinas, pollitos, cabras, aznos, cavallos e incluso \u00f1es podr\u00e9is dar de comer. \u00bfQuer\u00e9is ver todos\u00a0los animales que [&hellip;]","og_url":"https:\/\/www.molloparc.com\/es\/naixement-de-cabrit-la-granja-del-mollo-parc\/","og_site_name":"Moll\u00f3 Parc","article_published_time":"2015-03-17T10:32:21+00:00","article_modified_time":"2015-03-17T11:03:07+00:00","og_image":[{"width":2048,"height":1365,"url":"https:\/\/www.molloparc.com\/wp-content\/uploads\/2015\/03\/naixement-cabrits2.jpg","type":"image\/jpeg"}],"author":"Moll\u00f3","twitter_card":"summary_large_image","twitter_misc":{"Escrito por":"Moll\u00f3","Tiempo de lectura":"1 minuto"},"schema":{"@context":"https:\/\/schema.org","@graph":[{"@type":"WebPage","@id":"https:\/\/www.molloparc.com\/es\/naixement-de-cabrit-la-granja-del-mollo-parc\/","url":"https:\/\/www.molloparc.com\/es\/naixement-de-cabrit-la-granja-del-mollo-parc\/","name":"Nacimiento de cabritos en la granja del Moll\u00f3 Parc - Moll\u00f3 Parc","isPartOf":{"@id":"https:\/\/www.molloparc.com\/#website"},"datePublished":"2015-03-17T10:32:21+00:00","dateModified":"2015-03-17T11:03:07+00:00","author":{"@id":"https:\/\/www.molloparc.com\/#\/schema\/person\/e9e14d100095d7e1a3af5a6c392e7f88"},"breadcrumb":{"@id":"https:\/\/www.molloparc.com\/es\/naixement-de-cabrit-la-granja-del-mollo-parc\/#breadcrumb"},"inLanguage":"es","potentialAction":[{"@type":"ReadAction","target":["https:\/\/www.molloparc.com\/es\/naixement-de-cabrit-la-granja-del-mollo-parc\/"]}]},{"@type":"BreadcrumbList","@id":"https:\/\/www.molloparc.com\/es\/naixement-de-cabrit-la-granja-del-mollo-parc\/#breadcrumb","itemListElement":[{"@type":"ListItem","position":1,"name":"Inici","item":"https:\/\/www.molloparc.com\/es\/"},{"@type":"ListItem","position":2,"name":"Nacimiento de cabritos en la granja del Moll\u00f3 Parc"}]},{"@type":"WebSite","@id":"https:\/\/www.molloparc.com\/#website","url":"https:\/\/www.molloparc.com\/","name":"Moll\u00f3 Parc","description":"Parc d&#039;animals dels Prineus a la Vall de Camprodon","potentialAction":[{"@type":"SearchAction","target":{"@type":"EntryPoint","urlTemplate":"https:\/\/www.molloparc.com\/?s={search_term_string}"},"query-input":"required name=search_term_string"}],"inLanguage":"es"},{"@type":"Person","@id":"https:\/\/www.molloparc.com\/#\/schema\/person\/e9e14d100095d7e1a3af5a6c392e7f88","name":"Moll\u00f3","image":{"@type":"ImageObject","inLanguage":"es","@id":"https:\/\/www.molloparc.com\/#\/schema\/person\/image\/","url":"https:\/\/secure.gravatar.com\/avatar\/4542d219a6b4cecf6381798ae95c44f5?s=96&d=mm&r=g","contentUrl":"https:\/\/secure.gravatar.com\/avatar\/4542d219a6b4cecf6381798ae95c44f5?s=96&d=mm&r=g","caption":"Moll\u00f3"},"url":"https:\/\/www.molloparc.com\/es\/author\/judit\/"}]}},"_links":{"self":[{"href":"https:\/\/www.molloparc.com\/es\/wp-json\/wp\/v2\/posts\/2628"}],"collection":[{"href":"https:\/\/www.molloparc.com\/es\/wp-json\/wp\/v2\/posts"}],"about":[{"href":"https:\/\/www.molloparc.com\/es\/wp-json\/wp\/v2\/types\/post"}],"author":[{"embeddable":true,"href":"https:\/\/www.molloparc.com\/es\/wp-json\/wp\/v2\/users\/2"}],"replies":[{"embeddable":true,"href":"https:\/\/www.molloparc.com\/es\/wp-json\/wp\/v2\/comments?post=2628"}],"version-history":[{"count":3,"href":"https:\/\/www.molloparc.com\/es\/wp-json\/wp\/v2\/posts\/2628\/revisions"}],"predecessor-version":[{"id":2649,"href":"https:\/\/www.molloparc.com\/es\/wp-json\/wp\/v2\/posts\/2628\/revisions\/2649"}],"wp:featuredmedia":[{"embeddable":true,"href":"https:\/\/www.molloparc.com\/es\/wp-json\/wp\/v2\/media\/2624"}],"wp:attachment":[{"href":"https:\/\/www.molloparc.com\/es\/wp-json\/wp\/v2\/media?parent=2628"}],"wp:term":[{"taxonomy":"category","embeddable":true,"href":"https:\/\/www.molloparc.com\/es\/wp-json\/wp\/v2\/categories?post=2628"},{"taxonomy":"post_tag","embeddable":true,"href":"https:\/\/www.molloparc.com\/es\/wp-json\/wp\/v2\/tags?post=2628"}],"curies":[{"name":"wp","href":"https:\/\/api.w.org\/{rel}","templated":true}]}}