{"id":2861,"date":"2010-06-26T10:43:38","date_gmt":"2010-06-26T10:43:38","guid":{"rendered":"https:\/\/www.molloparc.com\/especial-mollo-parc-la-vanguardia-2\/"},"modified":"2015-07-10T11:57:49","modified_gmt":"2015-07-10T11:57:49","slug":"especial-mollo-parc-la-vanguardia","status":"publish","type":"post","link":"https:\/\/www.molloparc.com\/es\/especial-mollo-parc-la-vanguardia\/","title":{"rendered":"Especial Mollo Parc a la Vanguardia"},"content":{"rendered":"<p><a href=\"https:\/\/www.molloparc.com\/wp-content\/uploads\/2015\/07\/Mollo-parc-lavanguardia-25_6_2010.pdf\"><img decoding=\"async\" loading=\"lazy\" class=\"size-medium wp-image-2864 alignleft\" alt=\"mollo-parc-la-vanguardia-inauguracio\" src=\"https:\/\/www.molloparc.com\/wp-content\/uploads\/2010\/06\/mollo-parc-la-vanguardia-inauguracio-300x255.jpg\" width=\"300\" height=\"255\" srcset=\"https:\/\/www.molloparc.com\/wp-content\/uploads\/2010\/06\/mollo-parc-la-vanguardia-inauguracio-300x255.jpg 300w, https:\/\/www.molloparc.com\/wp-content\/uploads\/2010\/06\/mollo-parc-la-vanguardia-inauguracio.jpg 600w\" sizes=\"(max-width: 300px) 100vw, 300px\" \/><\/a>Us dejoamos el art\u00edculo sobre el parque que public\u00f3La Vanguardia en motivo de su inauguraci\u00f3n<br \/>\n<a href=\"https:\/\/www.molloparc.com\/wp-content\/uploads\/2015\/07\/Mollo-parc-lavanguardia-25_6_2010.pdf\">Inaguraci\u00f3n Moll\u00f3 Parc-La Vanguardia<\/a><\/p>\n","protected":false},"excerpt":{"rendered":"<p>Us dejoamos el art\u00edculo sobre el parque que public\u00f3La Vanguardia en motivo de su inauguraci\u00f3n Inaguraci\u00f3n Moll\u00f3 Parc-La Vanguardia<\/p>\n","protected":false},"author":2,"featured_media":2864,"comment_status":"closed","ping_status":"closed","sticky":false,"template":"","format":"standard","meta":{"ngg_post_thumbnail":0},"categories":[4,83],"tags":[],"yoast_head":"<!-- This site is optimized with the Yoast SEO plugin v19.13 - https:\/\/yoast.com\/wordpress\/plugins\/seo\/ -->\n<title>Especial Mollo Parc a la Vanguardia - Moll\u00f3 Parc<\/title>\n<meta name=\"robots\" content=\"index, follow, max-snippet:-1, max-image-preview:large, max-video-preview:-1\" \/>\n<link rel=\"canonical\" href=\"https:\/\/www.molloparc.com\/es\/especial-mollo-parc-la-vanguardia\/\" \/>\n<meta property=\"og:locale\" content=\"es_ES\" \/>\n<meta property=\"og:type\" content=\"article\" \/>\n<meta property=\"og:title\" content=\"Especial Mollo Parc a la Vanguardia - Moll\u00f3 Parc\" \/>\n<meta property=\"og:description\" content=\"Us dejoamos el art\u00edculo sobre el parque que public\u00f3La Vanguardia en motivo de su inauguraci\u00f3n Inaguraci\u00f3n Moll\u00f3 Parc-La Vanguardia\" \/>\n<meta property=\"og:url\" content=\"https:\/\/www.molloparc.com\/es\/especial-mollo-parc-la-vanguardia\/\" \/>\n<meta property=\"og:site_name\" content=\"Moll\u00f3 Parc\" \/>\n<meta property=\"article:published_time\" content=\"2010-06-26T10:43:38+00:00\" \/>\n<meta property=\"article:modified_time\" content=\"2015-07-10T11:57:49+00:00\" \/>\n<meta property=\"og:image\" content=\"https:\/\/www.molloparc.com\/wp-content\/uploads\/2010\/06\/mollo-parc-la-vanguardia-inauguracio.jpg\" \/>\n\t<meta property=\"og:image:width\" content=\"600\" \/>\n\t<meta property=\"og:image:height\" content=\"510\" \/>\n\t<meta property=\"og:image:type\" content=\"image\/jpeg\" \/>\n<meta name=\"author\" content=\"Moll\u00f3\" \/>\n<meta name=\"twitter:card\" content=\"summary_large_image\" \/>\n<meta name=\"twitter:label1\" content=\"Escrito por\" \/>\n\t<meta name=\"twitter:data1\" content=\"Moll\u00f3\" \/>\n<script type=\"application\/ld+json\" class=\"yoast-schema-graph\">{\"@context\":\"https:\/\/schema.org\",\"@graph\":[{\"@type\":\"WebPage\",\"@id\":\"https:\/\/www.molloparc.com\/es\/especial-mollo-parc-la-vanguardia\/\",\"url\":\"https:\/\/www.molloparc.com\/es\/especial-mollo-parc-la-vanguardia\/\",\"name\":\"Especial Mollo Parc a la Vanguardia - Moll\u00f3 Parc\",\"isPartOf\":{\"@id\":\"https:\/\/www.molloparc.com\/#website\"},\"datePublished\":\"2010-06-26T10:43:38+00:00\",\"dateModified\":\"2015-07-10T11:57:49+00:00\",\"author\":{\"@id\":\"https:\/\/www.molloparc.com\/#\/schema\/person\/e9e14d100095d7e1a3af5a6c392e7f88\"},\"breadcrumb\":{\"@id\":\"https:\/\/www.molloparc.com\/es\/especial-mollo-parc-la-vanguardia\/#breadcrumb\"},\"inLanguage\":\"es\",\"potentialAction\":[{\"@type\":\"ReadAction\",\"target\":[\"https:\/\/www.molloparc.com\/es\/especial-mollo-parc-la-vanguardia\/\"]}]},{\"@type\":\"BreadcrumbList\",\"@id\":\"https:\/\/www.molloparc.com\/es\/especial-mollo-parc-la-vanguardia\/#breadcrumb\",\"itemListElement\":[{\"@type\":\"ListItem\",\"position\":1,\"name\":\"Inici\",\"item\":\"https:\/\/www.molloparc.com\/es\/\"},{\"@type\":\"ListItem\",\"position\":2,\"name\":\"Especial Mollo Parc a la Vanguardia\"}]},{\"@type\":\"WebSite\",\"@id\":\"https:\/\/www.molloparc.com\/#website\",\"url\":\"https:\/\/www.molloparc.com\/\",\"name\":\"Moll\u00f3 Parc\",\"description\":\"Parc d&#039;animals dels Prineus a la Vall de Camprodon\",\"potentialAction\":[{\"@type\":\"SearchAction\",\"target\":{\"@type\":\"EntryPoint\",\"urlTemplate\":\"https:\/\/www.molloparc.com\/?s={search_term_string}\"},\"query-input\":\"required name=search_term_string\"}],\"inLanguage\":\"es\"},{\"@type\":\"Person\",\"@id\":\"https:\/\/www.molloparc.com\/#\/schema\/person\/e9e14d100095d7e1a3af5a6c392e7f88\",\"name\":\"Moll\u00f3\",\"image\":{\"@type\":\"ImageObject\",\"inLanguage\":\"es\",\"@id\":\"https:\/\/www.molloparc.com\/#\/schema\/person\/image\/\",\"url\":\"https:\/\/secure.gravatar.com\/avatar\/4542d219a6b4cecf6381798ae95c44f5?s=96&d=mm&r=g\",\"contentUrl\":\"https:\/\/secure.gravatar.com\/avatar\/4542d219a6b4cecf6381798ae95c44f5?s=96&d=mm&r=g\",\"caption\":\"Moll\u00f3\"},\"url\":\"https:\/\/www.molloparc.com\/es\/author\/judit\/\"}]}<\/script>\n<!-- \/ Yoast SEO plugin. -->","yoast_head_json":{"title":"Especial Mollo Parc a la Vanguardia - Moll\u00f3 Parc","robots":{"index":"index","follow":"follow","max-snippet":"max-snippet:-1","max-image-preview":"max-image-preview:large","max-video-preview":"max-video-preview:-1"},"canonical":"https:\/\/www.molloparc.com\/es\/especial-mollo-parc-la-vanguardia\/","og_locale":"es_ES","og_type":"article","og_title":"Especial Mollo Parc a la Vanguardia - Moll\u00f3 Parc","og_description":"Us dejoamos el art\u00edculo sobre el parque que public\u00f3La Vanguardia en motivo de su inauguraci\u00f3n Inaguraci\u00f3n Moll\u00f3 Parc-La Vanguardia","og_url":"https:\/\/www.molloparc.com\/es\/especial-mollo-parc-la-vanguardia\/","og_site_name":"Moll\u00f3 Parc","article_published_time":"2010-06-26T10:43:38+00:00","article_modified_time":"2015-07-10T11:57:49+00:00","og_image":[{"width":600,"height":510,"url":"https:\/\/www.molloparc.com\/wp-content\/uploads\/2010\/06\/mollo-parc-la-vanguardia-inauguracio.jpg","type":"image\/jpeg"}],"author":"Moll\u00f3","twitter_card":"summary_large_image","twitter_misc":{"Escrito por":"Moll\u00f3"},"schema":{"@context":"https:\/\/schema.org","@graph":[{"@type":"WebPage","@id":"https:\/\/www.molloparc.com\/es\/especial-mollo-parc-la-vanguardia\/","url":"https:\/\/www.molloparc.com\/es\/especial-mollo-parc-la-vanguardia\/","name":"Especial Mollo Parc a la Vanguardia - Moll\u00f3 Parc","isPartOf":{"@id":"https:\/\/www.molloparc.com\/#website"},"datePublished":"2010-06-26T10:43:38+00:00","dateModified":"2015-07-10T11:57:49+00:00","author":{"@id":"https:\/\/www.molloparc.com\/#\/schema\/person\/e9e14d100095d7e1a3af5a6c392e7f88"},"breadcrumb":{"@id":"https:\/\/www.molloparc.com\/es\/especial-mollo-parc-la-vanguardia\/#breadcrumb"},"inLanguage":"es","potentialAction":[{"@type":"ReadAction","target":["https:\/\/www.molloparc.com\/es\/especial-mollo-parc-la-vanguardia\/"]}]},{"@type":"BreadcrumbList","@id":"https:\/\/www.molloparc.com\/es\/especial-mollo-parc-la-vanguardia\/#breadcrumb","itemListElement":[{"@type":"ListItem","position":1,"name":"Inici","item":"https:\/\/www.molloparc.com\/es\/"},{"@type":"ListItem","position":2,"name":"Especial Mollo Parc a la Vanguardia"}]},{"@type":"WebSite","@id":"https:\/\/www.molloparc.com\/#website","url":"https:\/\/www.molloparc.com\/","name":"Moll\u00f3 Parc","description":"Parc d&#039;animals dels Prineus a la Vall de Camprodon","potentialAction":[{"@type":"SearchAction","target":{"@type":"EntryPoint","urlTemplate":"https:\/\/www.molloparc.com\/?s={search_term_string}"},"query-input":"required name=search_term_string"}],"inLanguage":"es"},{"@type":"Person","@id":"https:\/\/www.molloparc.com\/#\/schema\/person\/e9e14d100095d7e1a3af5a6c392e7f88","name":"Moll\u00f3","image":{"@type":"ImageObject","inLanguage":"es","@id":"https:\/\/www.molloparc.com\/#\/schema\/person\/image\/","url":"https:\/\/secure.gravatar.com\/avatar\/4542d219a6b4cecf6381798ae95c44f5?s=96&d=mm&r=g","contentUrl":"https:\/\/secure.gravatar.com\/avatar\/4542d219a6b4cecf6381798ae95c44f5?s=96&d=mm&r=g","caption":"Moll\u00f3"},"url":"https:\/\/www.molloparc.com\/es\/author\/judit\/"}]}},"_links":{"self":[{"href":"https:\/\/www.molloparc.com\/es\/wp-json\/wp\/v2\/posts\/2861"}],"collection":[{"href":"https:\/\/www.molloparc.com\/es\/wp-json\/wp\/v2\/posts"}],"about":[{"href":"https:\/\/www.molloparc.com\/es\/wp-json\/wp\/v2\/types\/post"}],"author":[{"embeddable":true,"href":"https:\/\/www.molloparc.com\/es\/wp-json\/wp\/v2\/users\/2"}],"replies":[{"embeddable":true,"href":"https:\/\/www.molloparc.com\/es\/wp-json\/wp\/v2\/comments?post=2861"}],"version-history":[{"count":3,"href":"https:\/\/www.molloparc.com\/es\/wp-json\/wp\/v2\/posts\/2861\/revisions"}],"predecessor-version":[{"id":2867,"href":"https:\/\/www.molloparc.com\/es\/wp-json\/wp\/v2\/posts\/2861\/revisions\/2867"}],"wp:featuredmedia":[{"embeddable":true,"href":"https:\/\/www.molloparc.com\/es\/wp-json\/wp\/v2\/media\/2864"}],"wp:attachment":[{"href":"https:\/\/www.molloparc.com\/es\/wp-json\/wp\/v2\/media?parent=2861"}],"wp:term":[{"taxonomy":"category","embeddable":true,"href":"https:\/\/www.molloparc.com\/es\/wp-json\/wp\/v2\/categories?post=2861"},{"taxonomy":"post_tag","embeddable":true,"href":"https:\/\/www.molloparc.com\/es\/wp-json\/wp\/v2\/tags?post=2861"}],"curies":[{"name":"wp","href":"https:\/\/api.w.org\/{rel}","templated":true}]}}